{"id":1411,"date":"2019-01-05T20:07:09","date_gmt":"2019-01-05T19:07:09","guid":{"rendered":"https:\/\/monserveurnas.com\/?p=1411"},"modified":"2023-04-11T20:04:32","modified_gmt":"2023-04-11T18:04:32","slug":"test-wd-my-cloud-pro-pr2100-pr4100","status":"publish","type":"post","link":"https:\/\/monserveurnas.com\/pt\/test-wd-my-cloud-pro-pr2100-pr4100\/","title":{"rendered":"TESTE E REVIS\u00c3O WD MY CLOUD PRO PR2100 e PR4100: O melhor para Plex"},"content":{"rendered":"<div id=\"ez-toc-container\" class=\"ez-toc-v2_0_81 counter-hierarchy ez-toc-counter ez-toc-custom ez-toc-container-direction\">\n<div class=\"ez-toc-title-container\">\n<p class=\"ez-toc-title\" style=\"cursor:inherit\">Conte\u00fado<\/p>\n<span class=\"ez-toc-title-toggle\"><a href=\"#\" class=\"ez-toc-pull-right ez-toc-btn ez-toc-btn-xs ez-toc-btn-default ez-toc-toggle\" aria-label=\"Alternar o \u00edndice\"><span class=\"ez-toc-js-icon-con\"><span class=\"\"><span class=\"eztoc-hide\" style=\"display:none;\">Alternar<\/span><span class=\"ez-toc-icon-toggle-span\"><svg style=\"fill: #3c5233;color:#3c5233\" xmlns=\"http:\/\/www.w3.org\/2000\/svg\" class=\"list-377408\" width=\"20px\" height=\"20px\" viewbox=\"0 0 24 24\" fill=\"none\"><path d=\"M6 6H4v2h2V6zm14 0H8v2h12V6zM4 11h2v2H4v-2zm16 0H8v2h12v-2zM4 16h2v2H4v-2zm16 0H8v2h12v-2z\" fill=\"currentColor\"><\/path><\/svg><svg style=\"fill: #3c5233;color:#3c5233\" class=\"arrow-unsorted-368013\" xmlns=\"http:\/\/www.w3.org\/2000\/svg\" width=\"10px\" height=\"10px\" viewbox=\"0 0 24 24\" version=\"1.2\" baseprofile=\"tiny\"><path d=\"M18.2 9.3l-6.2-6.3-6.2 6.3c-.2.2-.3.4-.3.7s.1.5.3.7c.2.2.4.3.7.3h11c.3 0 .5-.1.7-.3.2-.2.3-.5.3-.7s-.1-.5-.3-.7zM5.8 14.7l6.2 6.3 6.2-6.3c.2-.2.3-.5.3-.7s-.1-.5-.3-.7c-.2-.2-.4-.3-.7-.3h-11c-.3 0-.5.1-.7.3-.2.2-.3.5-.3.7s.1.5.3.7z\"\/><\/svg><\/span><\/span><\/span><\/a><\/span><\/div>\n<nav><ul class='ez-toc-list ez-toc-list-level-1 eztoc-toggle-hide-by-default' ><li class='ez-toc-page-1 ez-toc-heading-level-2'><a class=\"ez-toc-link ez-toc-heading-1\" href=\"https:\/\/monserveurnas.com\/pt\/test-wd-my-cloud-pro-pr2100-pr4100\/#Test_du_WD_MY_CLOUD_PRO_PR2100_et_PR4100\" >Teste do WD MY CLOUD PRO PR2100 e PR4100<\/a><ul class='ez-toc-list-level-4' ><li class='ez-toc-heading-level-4'><ul class='ez-toc-list-level-4' ><li class='ez-toc-heading-level-4'><a class=\"ez-toc-link ez-toc-heading-2\" href=\"https:\/\/monserveurnas.com\/pt\/test-wd-my-cloud-pro-pr2100-pr4100\/#Chiffres_cles\" >N\u00fameros-chave<\/a><\/li><\/ul><\/li><\/ul><\/li><li class='ez-toc-page-1 ez-toc-heading-level-2'><a class=\"ez-toc-link ez-toc-heading-3\" href=\"https:\/\/monserveurnas.com\/pt\/test-wd-my-cloud-pro-pr2100-pr4100\/#Design_et_caracteristiques_techniques\" >Concep\u00e7\u00e3o e caracter\u00edsticas t\u00e9cnicas<\/a><\/li><li class='ez-toc-page-1 ez-toc-heading-level-2'><a class=\"ez-toc-link ez-toc-heading-4\" href=\"https:\/\/monserveurnas.com\/pt\/test-wd-my-cloud-pro-pr2100-pr4100\/#Performance\" >Desempenho<\/a><\/li><li class='ez-toc-page-1 ez-toc-heading-level-2'><a class=\"ez-toc-link ez-toc-heading-5\" href=\"https:\/\/monserveurnas.com\/pt\/test-wd-my-cloud-pro-pr2100-pr4100\/#Mise_en_route\" >Como come\u00e7ar<\/a><\/li><li class='ez-toc-page-1 ez-toc-heading-level-2'><a class=\"ez-toc-link ez-toc-heading-6\" href=\"https:\/\/monserveurnas.com\/pt\/test-wd-my-cloud-pro-pr2100-pr4100\/#Systeme_dexploitation\" >Sistema operativo<\/a><\/li><li class='ez-toc-page-1 ez-toc-heading-level-2'><a class=\"ez-toc-link ez-toc-heading-7\" href=\"https:\/\/monserveurnas.com\/pt\/test-wd-my-cloud-pro-pr2100-pr4100\/#Conclusion\" >Conclus\u00e3o<\/a><ul class='ez-toc-list-level-3' ><li class='ez-toc-heading-level-3'><a class=\"ez-toc-link ez-toc-heading-8\" href=\"https:\/\/monserveurnas.com\/pt\/test-wd-my-cloud-pro-pr2100-pr4100\/#Note_globale\" >Pontua\u00e7\u00e3o global<\/a><\/li><\/ul><\/li><\/ul><\/nav><\/div>\n<h2><span class=\"ez-toc-section\" id=\"Test_du_WD_MY_CLOUD_PRO_PR2100_et_PR4100\"><\/span>Teste do WD MY CLOUD PRO PR2100 e PR4100<span class=\"ez-toc-section-end\"><\/span><\/h2>\n<p>O WD My Cloud PR2100 e o PR4100 com 2 e 4 compartimentos continuam o credo caro \u00e0 s\u00e9rie <a href=\"\/\/mycloud.com\/\" target=\"_blank\" rel=\"noopener noreferrer\">A minha nuvem<\/a>acessibilidade. Mas ser\u00e1 que esta vers\u00e3o topo de gama da s\u00e9rie pode ser utilizada para algo mais do que a simples centraliza\u00e7\u00e3o de dados?<\/p>\n<h4><span class=\"ez-toc-section\" id=\"Chiffres_cles\"><\/span>N\u00fameros-chave<span class=\"ez-toc-section-end\"><\/span><\/h4>\n<div class=\"csRow\">\n<div class=\"csColumnGap\" style=\"margin: 0px; padding: 0px; float: left; width: 1.56%;\"><\/div>\n<div class=\"csColumn\" style=\"margin: 0px; padding: 0px; float: left; width: 47.7%;\" data-csstartpoint=\"15\" data-csendpoint=\"472.5\" data-cswidth=\"47.7%\" data-csid=\"35f0132f-b858-bc27-bb2c-9aa0a927fe4c\">\n<p>NAS de 2 e 4 compartimentos<br \/>\nProcessador: Intel Pentium N3710, quad-core 1,6 GHz<br \/>\nRAM: 4 GB DDR3<br \/>\nConectores: 2 USB 3.0 (PR2100) e 3 USB 3.0 (PR4100), 2 Ethernet<\/p>\n<\/div>\n<div class=\"csColumnGap\" style=\"margin: 0px; padding: 0px; float: left; width: 1.56%;\"><\/div>\n<div class=\"csColumn\" style=\"margin: 0px; padding: 0px; float: left; width: 47.7%;\" data-csstartpoint=\"487.5\" data-csendpoint=\"945\" data-cswidth=\"47.7%\" data-csid=\"cfbbbce8-0cb5-571b-be86-42c7d1f7bc07\">\n<p>Discos r\u00edgidos: 3,5<br \/>\nCapacidade m\u00e1xima: 20 TO ou 40 TO<br \/>\n\u25aa Dimens\u00f5es: 216 x 109 x 148 mm e 232 x 170 x 192 mm<\/p>\n<\/div>\n<div class=\"csColumnGap\" style=\"margin: 0px; padding: 0px; float: left; width: 1.56%;\"><\/div>\n<\/div>\n<p>&nbsp;<\/p>\n<p>&nbsp;<\/p>\n<p>&nbsp;<\/p>\n<p>&nbsp;<\/p>\n<p>\n<table id=\"tablepress-53\" class=\"tablepress tablepress-id-53 sitemarchand\">\n<tbody>\n<tr class=\"row-1\">\n\t<td class=\"column-1\"><center>Pre\u00e7os dos s\u00edtios de comerciantes<\/center><\/td>\n<\/tr>\n<\/tbody>\n<\/table>\n<br \/>\n\n<div class=\"egg-container cegg-list-withlogos\">\n    \n    <div class=\"egg-listcontainer my-custom-class\">\n\n                    \n<div class=\"cegg-list-logo-title cegg-mt5 cegg-mb15 visible-xs text-center\">\n    <a rel=\"nofollow\" target=\"_blank\"\n                                           href=\"\/\/www.awin1.com\/pclick.php?p=21767956779&a=576079&m=12665\">Servidor NAS WD My Cloud PR4100 0Tb Preto<\/a>\n<\/div>\n<div class=\"row-products\">\n    <div class=\"col-md-2 col-sm-2 col-xs-12 cegg-image-cell\">\n                    <a rel=\"nofollow\" target=\"_blank\" href=\"\/\/www.awin1.com\/pclick.php?p=21767956779&a=576079&m=12665\">\n                <img decoding=\"async\" src=\"\/\/static.fnac-static.com\/multimedia\/Images\/FR\/NR\/e8\/60\/7e\/8282344\/1505-1\/tsp20160810142628\/Serveur-NAS-WD-My-Cloud-PR4100-0-To-Noir.jpg\" alt=\"Servidor NAS WD My Cloud PR4100 0Tb Preto\" \/>            <\/a>\n            <\/div>\n    <div class=\"col-md-5 col-sm-5 col-xs-12 cegg-desc-cell hidden-xs\">\n        <div class=\"cegg-no-top-margin cegg-list-logo-title\">\n            <a rel=\"nofollow\" target=\"_blank\"\n                                                   href=\"\/\/www.awin1.com\/pclick.php?p=21767956779&a=576079&m=12665\">Servidor NAS WD My Cloud PR4100 0Tb Preto<\/a>\n        <\/div>\n\n    <\/div>\n    <div class=\"col-md-3 col-sm-3 col-xs-12 cegg-price-cell text-center\">\n        <div class=\"cegg-price-row\">\n\n                            <div class=\"cegg-price cegg-price-color cegg-price-outofstock\">469,99\u20ac<\/div>\n                                        <div class=\"text-muted\">\n                    <s>629,99\u20ac<\/s>\n                <\/div>\n                                        <div title=\"Last updated on 28 Abril 2026 3 h 10 min\"\n                     class=\"cegg-lineheight15 stock-status status-outofstock\">\n                         fora de stock                <\/div>\n            \n                                <\/div>\n    <\/div>\n    <div class=\"col-md-2 col-sm-2 col-xs-12 cegg-btn-cell\">\n        <div class=\"cegg-btn-row\">\n            <a rel=\"nofollow\" target=\"_blank\" href=\"\/\/www.awin1.com\/pclick.php?p=21767956779&a=576079&m=12665\"\n                                                   class=\"btn btn-danger btn-block\"><span>Comprar<\/span><\/a>\n        <\/div>\n                    <div class=\"text-center\">\n                <small class=\"text-muted title-case\">\n                    Fnac.com                                    <\/small>\n            <\/div>\n        \n\n    <\/div>\n<\/div>\n\n                    \n<div class=\"cegg-list-logo-title cegg-mt5 cegg-mb15 visible-xs text-center\">\n    <a rel=\"nofollow\" target=\"_blank\"\n                                           href=\"\/\/www.awin1.com\/pclick.php?p=22117090553&a=576079&m=12665\">Servidor NAS WD My Cloud PR2100 0Tb<\/a>\n<\/div>\n<div class=\"row-products\">\n    <div class=\"col-md-2 col-sm-2 col-xs-12 cegg-image-cell\">\n                    <a rel=\"nofollow\" target=\"_blank\" href=\"\/\/www.awin1.com\/pclick.php?p=22117090553&a=576079&m=12665\">\n                <img decoding=\"async\" src=\"\/\/static.fnac-static.com\/multimedia\/Images\/FR\/NR\/e3\/60\/7e\/8282339\/1505-1\/tsp20160805164744\/Serveur-NAS-WD-My-Cloud-PR2100-0-To.jpg\" alt=\"Servidor NAS WD My Cloud PR2100 0Tb\" \/>            <\/a>\n            <\/div>\n    <div class=\"col-md-5 col-sm-5 col-xs-12 cegg-desc-cell hidden-xs\">\n        <div class=\"cegg-no-top-margin cegg-list-logo-title\">\n            <a rel=\"nofollow\" target=\"_blank\"\n                                                   href=\"\/\/www.awin1.com\/pclick.php?p=22117090553&a=576079&m=12665\">Servidor NAS WD My Cloud PR2100 0Tb<\/a>\n        <\/div>\n\n    <\/div>\n    <div class=\"col-md-3 col-sm-3 col-xs-12 cegg-price-cell text-center\">\n        <div class=\"cegg-price-row\">\n\n                            <div class=\"cegg-price cegg-price-color cegg-price-outofstock\">1 322,00\u20ac<\/div>\n                                                    <div title=\"Last updated on 28 Abril 2026 3 h 10 min\"\n                     class=\"cegg-lineheight15 stock-status status-outofstock\">\n                         fora de stock                <\/div>\n            \n                                <\/div>\n    <\/div>\n    <div class=\"col-md-2 col-sm-2 col-xs-12 cegg-btn-cell\">\n        <div class=\"cegg-btn-row\">\n            <a rel=\"nofollow\" target=\"_blank\" href=\"\/\/www.awin1.com\/pclick.php?p=22117090553&a=576079&m=12665\"\n                                                   class=\"btn btn-danger btn-block\"><span>Comprar<\/span><\/a>\n        <\/div>\n                    <div class=\"text-center\">\n                <small class=\"text-muted title-case\">\n                    Fnac.com                                    <\/small>\n            <\/div>\n        \n\n    <\/div>\n<\/div>\n\n                    \n<div class=\"cegg-list-logo-title cegg-mt5 cegg-mb15 visible-xs text-center\">\n    <a rel=\"nofollow\" target=\"_blank\"\n                                           href=\"https:\/\/www.amazon.fr\/dp\/B01GRFF204?tag=monserveurnas-21&linkCode=ogi&th=1&psc=1\">Gabinete para NAS WD My Cloud PR2100 - 2 compartimentos - WDBBCL0000NBK-EESN<\/a>\n<\/div>\n<div class=\"row-products\">\n    <div class=\"col-md-2 col-sm-2 col-xs-12 cegg-image-cell\">\n                    <a rel=\"nofollow\" target=\"_blank\" href=\"https:\/\/www.amazon.fr\/dp\/B01GRFF204?tag=monserveurnas-21&linkCode=ogi&th=1&psc=1\">\n                <img decoding=\"async\" src=\"https:\/\/m.media-amazon.com\/images\/I\/41LwFjgG8IL._SL160_.jpg\" alt=\"Gabinete para NAS WD My Cloud PR2100 - 2 compartimentos - WDBBCL0000NBK-EESN\" width=\"100\" height=\"100\" \/>            <\/a>\n            <\/div>\n    <div class=\"col-md-5 col-sm-5 col-xs-12 cegg-desc-cell hidden-xs\">\n        <div class=\"cegg-no-top-margin cegg-list-logo-title\">\n            <a rel=\"nofollow\" target=\"_blank\"\n                                                   href=\"https:\/\/www.amazon.fr\/dp\/B01GRFF204?tag=monserveurnas-21&linkCode=ogi&th=1&psc=1\">Gabinete para NAS WD My Cloud PR2100 - 2 compartimentos - WDBBCL0000NBK-EESN<\/a>\n        <\/div>\n\n    <\/div>\n    <div class=\"col-md-3 col-sm-3 col-xs-12 cegg-price-cell text-center\">\n        <div class=\"cegg-price-row\">\n\n                                                    <div title=\"Last updated on 28 Abril 2026 8 h 37 min\"\n                     class=\"cegg-lineheight15 stock-status status-outofstock\">\n                         fora de stock                <\/div>\n            \n            \n                                \n\n                                        <div class=\"cegg-font60 cegg-lineheight15\">\n                    as of 28 Abril 2026 8 h 37 min                    <i class=\"egg-ico-info-circle cegg-disclaimer\" title=\"Como associado da Amazon, ganho com compras qualificadas. Os pre\u00e7os e a disponibilidade dos produtos s\u00e3o exactos a partir da data\/hora indicada e est\u00e3o sujeitos a altera\u00e7\u00f5es. Todas as informa\u00e7\u00f5es de pre\u00e7o e disponibilidade apresentadas na Amazon no momento da compra aplicar-se-\u00e3o \u00e0 compra deste produto.\"><\/i>                <\/div>\n                    <\/div>\n    <\/div>\n    <div class=\"col-md-2 col-sm-2 col-xs-12 cegg-btn-cell\">\n        <div class=\"cegg-btn-row\">\n            <a rel=\"nofollow\" target=\"_blank\" href=\"https:\/\/www.amazon.fr\/dp\/B01GRFF204?tag=monserveurnas-21&linkCode=ogi&th=1&psc=1\"\n                                                   class=\"btn btn-danger btn-block\"><span>Comprar<\/span><\/a>\n        <\/div>\n                    <div class=\"text-center\">\n                <small class=\"text-muted title-case\">\n                    Amazon.com.br                                    <\/small>\n            <\/div>\n        \n\n    <\/div>\n<\/div>\n\n                    \n<div class=\"cegg-list-logo-title cegg-mt5 cegg-mb15 visible-xs text-center\">\n    <a rel=\"nofollow\" target=\"_blank\"\n                                           href=\"https:\/\/www.amazon.fr\/dp\/B01GRFF1JQ?tag=monserveurnas-21&linkCode=ogi&th=1&psc=1\">Gabinete para NAS WD My Cloud Pro PR4100 - 4 compartimentos - WDBNFA0000NBK-EESN<\/a>\n<\/div>\n<div class=\"row-products\">\n    <div class=\"col-md-2 col-sm-2 col-xs-12 cegg-image-cell\">\n                    <a rel=\"nofollow\" target=\"_blank\" href=\"https:\/\/www.amazon.fr\/dp\/B01GRFF1JQ?tag=monserveurnas-21&linkCode=ogi&th=1&psc=1\">\n                <img decoding=\"async\" src=\"https:\/\/m.media-amazon.com\/images\/I\/51N3Di2pGBL._SL160_.jpg\" alt=\"Gabinete para NAS WD My Cloud Pro PR4100 - 4 compartimentos - WDBNFA0000NBK-EESN\" width=\"100\" height=\"100\" \/>            <\/a>\n            <\/div>\n    <div class=\"col-md-5 col-sm-5 col-xs-12 cegg-desc-cell hidden-xs\">\n        <div class=\"cegg-no-top-margin cegg-list-logo-title\">\n            <a rel=\"nofollow\" target=\"_blank\"\n                                                   href=\"https:\/\/www.amazon.fr\/dp\/B01GRFF1JQ?tag=monserveurnas-21&linkCode=ogi&th=1&psc=1\">Gabinete para NAS WD My Cloud Pro PR4100 - 4 compartimentos - WDBNFA0000NBK-EESN<\/a>\n        <\/div>\n\n    <\/div>\n    <div class=\"col-md-3 col-sm-3 col-xs-12 cegg-price-cell text-center\">\n        <div class=\"cegg-price-row\">\n\n                                                    <div title=\"Last updated on 28 Abril 2026 8 h 37 min\"\n                     class=\"cegg-lineheight15 stock-status status-outofstock\">\n                         fora de stock                <\/div>\n            \n            \n                                \n\n                                        <div class=\"cegg-font60 cegg-lineheight15\">\n                    as of 28 Abril 2026 8 h 37 min                    <i class=\"egg-ico-info-circle cegg-disclaimer\" title=\"Como associado da Amazon, ganho com compras qualificadas. Os pre\u00e7os e a disponibilidade dos produtos s\u00e3o exactos a partir da data\/hora indicada e est\u00e3o sujeitos a altera\u00e7\u00f5es. Todas as informa\u00e7\u00f5es de pre\u00e7o e disponibilidade apresentadas na Amazon no momento da compra aplicar-se-\u00e3o \u00e0 compra deste produto.\"><\/i>                <\/div>\n                    <\/div>\n    <\/div>\n    <div class=\"col-md-2 col-sm-2 col-xs-12 cegg-btn-cell\">\n        <div class=\"cegg-btn-row\">\n            <a rel=\"nofollow\" target=\"_blank\" href=\"https:\/\/www.amazon.fr\/dp\/B01GRFF1JQ?tag=monserveurnas-21&linkCode=ogi&th=1&psc=1\"\n                                                   class=\"btn btn-danger btn-block\"><span>Comprar<\/span><\/a>\n        <\/div>\n                    <div class=\"text-center\">\n                <small class=\"text-muted title-case\">\n                    Amazon.com.br                                    <\/small>\n            <\/div>\n        \n\n    <\/div>\n<\/div>\n\n        \n    <\/div>\n<\/div><\/p>\n<h2><span class=\"ez-toc-section\" id=\"Design_et_caracteristiques_techniques\"><\/span>Concep\u00e7\u00e3o e caracter\u00edsticas t\u00e9cnicas<img decoding=\"async\" class=\"size-full wp-image-374 alignright\" src=\"\/\/monserveurnas.com\/wp-content\/uploads\/2018\/03\/note-blanc-4.5.jpg\" alt=\"\" width=\"150\" height=\"35\" \/><span class=\"ez-toc-section-end\"><\/span><\/h2>\n<p>O WD My Cloud Pro tem um aspeto minimalista e moderno que n\u00e3o se destaca numa sala de estar ou numa secret\u00e1ria. Totalmente preto, o My Cloud Pro \u00e9 um pouco mais imponente do que alguns dos modelos da concorr\u00eancia, mas mant\u00e9m-se discreto.<\/p>\n<p>Ao contr\u00e1rio do <a href=\"https:\/\/monserveurnas.com\/pt\/teste-wd-my-cloud-ex2-ultra\/\" target=\"_blank\" rel=\"noopener noreferrer\">My Cloud Ex2 Ultra<\/a> ou para <a href=\"https:\/\/monserveurnas.com\/pt\/test-wd-my-cloud-mirror\/\" target=\"_blank\" rel=\"noopener noreferrer\">O meu espelho de nuvem<\/a>Aqui encontramos os compartimentos do disco r\u00edgido acess\u00edveis a partir do painel frontal. O painel frontal tamb\u00e9m inclui um bot\u00e3o de alimenta\u00e7\u00e3o, LEDs de atividade do disco r\u00edgido e uma tomada USB 3.0 com um bot\u00e3o de c\u00f3pia r\u00e1pida. O My Cloud PR4100 difere do PR2100 na medida em que possui um ecr\u00e3 LCD na parte superior do painel frontal que fornece informa\u00e7\u00f5es sobre o Nas, tais como o endere\u00e7o IP e o estado dos discos. \u00c9 uma pena que n\u00e3o esteja tamb\u00e9m presente na vers\u00e3o de 2 compartimentos.<\/p>\n<p><a href=\"\/\/amzn.to\/2C1ROZ3\" target=\"_blank\" rel=\"nofollow noopener noreferrer\"><img loading=\"lazy\" decoding=\"async\" class=\"alignnone wp-image-1423\" src=\"\/\/monserveurnas.com\/wp-content\/uploads\/2019\/01\/WD-My-cloud-pro-pr4100-vue-face-avant-300x300.jpg\" alt=\"Vista frontal do WD My cloud pro pr4100\" width=\"361\" height=\"361\" srcset=\"https:\/\/monserveurnas.com\/wp-content\/uploads\/2019\/01\/WD-My-cloud-pro-pr4100-vue-face-avant-300x300.jpg 300w, https:\/\/monserveurnas.com\/wp-content\/uploads\/2019\/01\/WD-My-cloud-pro-pr4100-vue-face-avant-1024x1024.jpg 1024w, https:\/\/monserveurnas.com\/wp-content\/uploads\/2019\/01\/WD-My-cloud-pro-pr4100-vue-face-avant-150x150.jpg 150w, https:\/\/monserveurnas.com\/wp-content\/uploads\/2019\/01\/WD-My-cloud-pro-pr4100-vue-face-avant-65x65.jpg 65w, https:\/\/monserveurnas.com\/wp-content\/uploads\/2019\/01\/WD-My-cloud-pro-pr4100-vue-face-avant-450x450.jpg 450w, https:\/\/monserveurnas.com\/wp-content\/uploads\/2019\/01\/WD-My-cloud-pro-pr4100-vue-face-avant-1200x1200.jpg 1200w, https:\/\/monserveurnas.com\/wp-content\/uploads\/2019\/01\/WD-My-cloud-pro-pr4100-vue-face-avant-768x768.jpg 768w, https:\/\/monserveurnas.com\/wp-content\/uploads\/2019\/01\/WD-My-cloud-pro-pr4100-vue-face-avant.jpg 1500w\" sizes=\"(max-width: 361px) 100vw, 361px\" \/><\/a> <a href=\"\/\/amzn.to\/2SAgf6V\" target=\"_blank\" rel=\"nofollow noopener noreferrer\"><img loading=\"lazy\" decoding=\"async\" class=\"alignnone wp-image-1424\" src=\"\/\/monserveurnas.com\/wp-content\/uploads\/2019\/01\/WD-My-cloud-pro-pr2100-vue-face-avant-300x300.jpg\" alt=\"Vista frontal do WD My cloud pro pr2100\" width=\"291\" height=\"291\" srcset=\"https:\/\/monserveurnas.com\/wp-content\/uploads\/2019\/01\/WD-My-cloud-pro-pr2100-vue-face-avant-300x300.jpg 300w, https:\/\/monserveurnas.com\/wp-content\/uploads\/2019\/01\/WD-My-cloud-pro-pr2100-vue-face-avant-1024x1024.jpg 1024w, https:\/\/monserveurnas.com\/wp-content\/uploads\/2019\/01\/WD-My-cloud-pro-pr2100-vue-face-avant-150x150.jpg 150w, https:\/\/monserveurnas.com\/wp-content\/uploads\/2019\/01\/WD-My-cloud-pro-pr2100-vue-face-avant-65x65.jpg 65w, https:\/\/monserveurnas.com\/wp-content\/uploads\/2019\/01\/WD-My-cloud-pro-pr2100-vue-face-avant-450x450.jpg 450w, https:\/\/monserveurnas.com\/wp-content\/uploads\/2019\/01\/WD-My-cloud-pro-pr2100-vue-face-avant-1200x1200.jpg 1200w, https:\/\/monserveurnas.com\/wp-content\/uploads\/2019\/01\/WD-My-cloud-pro-pr2100-vue-face-avant-768x768.jpg 768w, https:\/\/monserveurnas.com\/wp-content\/uploads\/2019\/01\/WD-My-cloud-pro-pr2100-vue-face-avant.jpg 1500w\" sizes=\"(max-width: 291px) 100vw, 291px\" \/><\/a><\/p>\n<p>O acesso aos discos r\u00edgidos \u00e9 simples gra\u00e7as \u00e0s gavetas, que podem ser retiradas sem ferramentas, mesmo quando o Nas est\u00e1 a funcionar. Note-se que estas gavetas n\u00e3o podem ser fechadas com chaves. No entanto, os discos r\u00edgidos s\u00e3o mantidos em seguran\u00e7a quando as gavetas est\u00e3o fechadas.<\/p>\n<p><a href=\"\/\/amzn.to\/2SAgf6V\" target=\"_blank\" rel=\"nofollow noopener noreferrer\"><img loading=\"lazy\" decoding=\"async\" class=\"aligncenter wp-image-1425\" src=\"\/\/monserveurnas.com\/wp-content\/uploads\/2019\/01\/Ouverture-baie-wd-my-cloud-pro-pr2100-300x300.jpg\" alt=\"Abertura de ba\u00eda wd my cloud pro pr2100\" width=\"499\" height=\"499\" srcset=\"https:\/\/monserveurnas.com\/wp-content\/uploads\/2019\/01\/Ouverture-baie-wd-my-cloud-pro-pr2100-300x300.jpg 300w, https:\/\/monserveurnas.com\/wp-content\/uploads\/2019\/01\/Ouverture-baie-wd-my-cloud-pro-pr2100-150x150.jpg 150w, https:\/\/monserveurnas.com\/wp-content\/uploads\/2019\/01\/Ouverture-baie-wd-my-cloud-pro-pr2100-65x65.jpg 65w, https:\/\/monserveurnas.com\/wp-content\/uploads\/2019\/01\/Ouverture-baie-wd-my-cloud-pro-pr2100-450x450.jpg 450w, https:\/\/monserveurnas.com\/wp-content\/uploads\/2019\/01\/Ouverture-baie-wd-my-cloud-pro-pr2100-768x768.jpg 768w, https:\/\/monserveurnas.com\/wp-content\/uploads\/2019\/01\/Ouverture-baie-wd-my-cloud-pro-pr2100.jpg 800w\" sizes=\"(max-width: 499px) 100vw, 499px\" \/><\/a><\/p>\n<p>A parte traseira do WD My Cloud Pro PR2100 possui uma porta USB 3.0. O WD My Cloud Pro PR4100 tem 2 portas USB. Ambos os modelos v\u00eam com 2 portas Ethernet e 2 tomadas de alimenta\u00e7\u00e3o para assumir o controlo se uma das tomadas falhar. \u00c9 a primeira vez que vemos esta op\u00e7\u00e3o num desktop Nas. Mas apenas um cabo de alimenta\u00e7\u00e3o \u00e9 fornecido com o Nas, pelo que ter\u00e1 de adquirir o seu pr\u00f3prio cabo. <a href=\"\/\/(\/\/amzn.to\/2SAAbGO\" target=\"_blank\" rel=\"noopener,nofollow noopener noreferrer\">fornecer um segundo<\/a> se quiser garantir que o seu My Cloud est\u00e1 sempre ligado. Gra\u00e7as \u00e0s 2 portas Ethernet, poder\u00e1 <a href=\"https:\/\/monserveurnas.com\/pt\/agregacao-de-lien\/\" target=\"_blank\" rel=\"noopener noreferrer\">agrega\u00e7\u00e3o de liga\u00e7\u00f5es<\/a>tal como acontece com o <a href=\"https:\/\/monserveurnas.com\/pt\/teste-netgear-rn212\/\" target=\"_blank\" rel=\"noopener noreferrer\">Netgear RN212<\/a> ou o <a href=\"https:\/\/monserveurnas.com\/pt\/teste-sinologia-ds718\/\" target=\"_blank\" rel=\"noopener noreferrer\">Synology DS718+<\/a>.<\/p>\n<p><a href=\"\/\/amzn.to\/2C1ROZ3\" target=\"_blank\" rel=\"nofollow noopener noreferrer\"><img loading=\"lazy\" decoding=\"async\" class=\"aligncenter wp-image-1426\" src=\"\/\/monserveurnas.com\/wp-content\/uploads\/2019\/01\/Wd-my-cloud-pro-pr4100-arri\u00e8re-300x176.jpg\" alt=\"Wd o meu cloud pro pr4100 traseiro\" width=\"600\" height=\"352\" srcset=\"https:\/\/monserveurnas.com\/wp-content\/uploads\/2019\/01\/Wd-my-cloud-pro-pr4100-arri\u00e8re-300x176.jpg 300w, https:\/\/monserveurnas.com\/wp-content\/uploads\/2019\/01\/Wd-my-cloud-pro-pr4100-arri\u00e8re-150x88.jpg 150w, https:\/\/monserveurnas.com\/wp-content\/uploads\/2019\/01\/Wd-my-cloud-pro-pr4100-arri\u00e8re-450x264.jpg 450w, https:\/\/monserveurnas.com\/wp-content\/uploads\/2019\/01\/Wd-my-cloud-pro-pr4100-arri\u00e8re-768x450.jpg 768w, https:\/\/monserveurnas.com\/wp-content\/uploads\/2019\/01\/Wd-my-cloud-pro-pr4100-arri\u00e8re.jpg 850w\" sizes=\"(max-width: 600px) 100vw, 600px\" \/><\/a><\/p>\n<p>Do ponto de vista t\u00e9cnico, o processador Intel Pentium quad-core aliado a 4 GB de RAM s\u00e3o mais do que suficientes para garantir um bom desempenho, como veremos a seguir. Note que a mem\u00f3ria do WD My Cloud PR4100 pode ser aumentada at\u00e9 16 GB, o que n\u00e3o \u00e9 o caso do PR2100. Tudo o que precisa de fazer \u00e9 escolher a mem\u00f3ria DDR3 SODIMM. <a href=\"\/\/amzn.to\/2SAueJU\" target=\"_blank\" rel=\"noopener,nofollow noopener noreferrer\">como este<\/a>.<\/p>\n<p>Pode comprar o PR2100 e o PR4100 pr\u00e9-equipados com discos r\u00edgidos, ou pode comprar o PR2100 e o PR4100 pr\u00e9-equipados com discos r\u00edgidos. <a href=\"https:\/\/monserveurnas.com\/pt\/guia-de-compra-de-discos-rigidos-nas\/\" target=\"_blank\" rel=\"noopener noreferrer\">Discos r\u00edgidos Nas<\/a> mas ser\u00e1 limitada a uma capacidade m\u00e1xima de 20 TB para a vers\u00e3o de 2 compartimentos e de 40 TB para a vers\u00e3o de 4 compartimentos. Tenha em aten\u00e7\u00e3o que as caixas pr\u00e9-equipadas t\u00eam uma garantia de um ano mais longa do que as caixas vazias (garantia de 2 anos). A menos que j\u00e1 tenha discos r\u00edgidos \u00e0 sua disposi\u00e7\u00e3o ou prefira outra marca \u00e0 WD, vale a pena optar pela vers\u00e3o pr\u00e9-equipada.<\/p>\n<p>O bot\u00e3o de c\u00f3pia r\u00e1pida \u00e9 muito \u00fatil porque nem sequer precisa de um computador para fazer c\u00f3pias de seguran\u00e7a dos seus dados a partir de um disco r\u00edgido externo, c\u00e2mara ou leitor de cart\u00f5es SD. Basta inserir a ficha USB na porta na parte da frente e o My Cloud Pro far\u00e1 o resto.<\/p>\n<p><a href=\"\/\/amzn.to\/2C1ROZ3\" target=\"_blank\" rel=\"nofollow noopener noreferrer\"><img loading=\"lazy\" decoding=\"async\" class=\"aligncenter wp-image-1427\" src=\"\/\/monserveurnas.com\/wp-content\/uploads\/2019\/01\/Wd-my-cloud-pro-pr4100-copie-rapide-300x91.jpg\" alt=\"Wd my cloud pro pr4100 c\u00f3pia r\u00e1pida\" width=\"699\" height=\"212\" srcset=\"https:\/\/monserveurnas.com\/wp-content\/uploads\/2019\/01\/Wd-my-cloud-pro-pr4100-copie-rapide-300x91.jpg 300w, https:\/\/monserveurnas.com\/wp-content\/uploads\/2019\/01\/Wd-my-cloud-pro-pr4100-copie-rapide-1024x312.jpg 1024w, https:\/\/monserveurnas.com\/wp-content\/uploads\/2019\/01\/Wd-my-cloud-pro-pr4100-copie-rapide-1536x468.jpg 1536w, https:\/\/monserveurnas.com\/wp-content\/uploads\/2019\/01\/Wd-my-cloud-pro-pr4100-copie-rapide-150x46.jpg 150w, https:\/\/monserveurnas.com\/wp-content\/uploads\/2019\/01\/Wd-my-cloud-pro-pr4100-copie-rapide-450x137.jpg 450w, https:\/\/monserveurnas.com\/wp-content\/uploads\/2019\/01\/Wd-my-cloud-pro-pr4100-copie-rapide-1200x366.jpg 1200w, https:\/\/monserveurnas.com\/wp-content\/uploads\/2019\/01\/Wd-my-cloud-pro-pr4100-copie-rapide-768x234.jpg 768w, https:\/\/monserveurnas.com\/wp-content\/uploads\/2019\/01\/Wd-my-cloud-pro-pr4100-copie-rapide.jpg 1920w\" sizes=\"(max-width: 699px) 100vw, 699px\" \/><\/a><\/p>\n<h2><span class=\"ez-toc-section\" id=\"Performance\"><\/span>Desempenho<img loading=\"lazy\" decoding=\"async\" class=\"size-full wp-image-376 alignright\" src=\"\/\/monserveurnas.com\/wp-content\/uploads\/2018\/03\/note-blanc-5.jpg\" alt=\"\" width=\"150\" height=\"35\" \/><span class=\"ez-toc-section-end\"><\/span><\/h2>\n<p>Em condi\u00e7\u00f5es reais, pudemos testar o WD My Cloud Pro PR2100 equipado com dois discos r\u00edgidos WD Red de 4TB.<\/p>\n<p>A velocidade m\u00e9dia de leitura \u00e9 de 118,5 MB\/s, enquanto o PR2100 escreve a 117,5 MB\/s. Estamos quase a atingir a largura de banda m\u00e1xima.<\/p>\n<h2><span class=\"ez-toc-section\" id=\"Mise_en_route\"><\/span>Como come\u00e7ar<img loading=\"lazy\" decoding=\"async\" class=\"size-full wp-image-376 alignright\" src=\"\/\/monserveurnas.com\/wp-content\/uploads\/2018\/03\/note-blanc-5.jpg\" alt=\"\" width=\"150\" height=\"35\" \/><span class=\"ez-toc-section-end\"><\/span><\/h2>\n<p>A for\u00e7a da WD reside na facilidade de utiliza\u00e7\u00e3o das suas caixas Nas, e o My Cloud Pro PR2100 e o PR4100 n\u00e3o s\u00e3o exce\u00e7\u00e3o. A configura\u00e7\u00e3o inicial consiste simplesmente em ligar a caixa \u00e0 corrente el\u00e9ctrica, lig\u00e1-la \u00e0 sua rede atrav\u00e9s da sua caixa de Internet, etc. <a href=\"https:\/\/monserveurnas.com\/pt\/router-wifi-guide-buy\/\" target=\"_blank\" rel=\"noopener noreferrer\">ou o seu router<\/a>Para o fazer, inicie o Nas e v\u00e1 do seu PC para mycloud.com\/setup atrav\u00e9s do seu navegador Web. O seu Nas dever\u00e1 ent\u00e3o ser detectado automaticamente e o assistente de instala\u00e7\u00e3o ser\u00e1 iniciado.<\/p>\n<p class=\"encart-switch\">N\u00e3o tem mais portas dispon\u00edveis no seu router? <a style=\"color: #8ab9d9;\" href=\"https:\/\/monserveurnas.com\/pt\/guia-de-compra-de-discos-rigidos-nas\/\">UM INTERRUPTOR SER\u00c1 \u00daTIL<\/a><\/p>\n<p>A ventoinha do meu Cloud Pro \u00e9 um pouco barulhenta no arranque, mas uma vez conclu\u00eddo o procedimento de instala\u00e7\u00e3o, isso deixa de ser um problema. No entanto, quando os discos r\u00edgidos est\u00e3o a trabalhar arduamente, o ru\u00eddo tende a ser um pouco irritante.<\/p>\n<p class=\"encart8\">Precisa de um cabo Ethernet? <a style=\"color: #8ab9d9;\" href=\"https:\/\/monserveurnas.com\/pt\/cabo-ethernet\/\">N\u00c3O ESCOLHER QUALQUER UM<\/a><\/p>\n<h2><span class=\"ez-toc-section\" id=\"Systeme_dexploitation\"><\/span>Sistema operativo<img loading=\"lazy\" decoding=\"async\" class=\"size-full wp-image-372 alignright\" src=\"\/\/monserveurnas.com\/wp-content\/uploads\/2018\/03\/note-blanc-3.5.jpg\" alt=\"pontua\u00e7\u00e3o em branco 3,5\" width=\"150\" height=\"34\" \/><span class=\"ez-toc-section-end\"><\/span><\/h2>\n<p>O sistema operativo da WD \u00e9 claro e f\u00e1cil de compreender. Tal como os melhores sistemas operativos do mercado, como o <a href=\"https:\/\/monserveurnas.com\/pt\/qnap-vs-synology\/\" target=\"_blank\" rel=\"noopener noreferrer\">Qnap ou Synology<\/a>Neste caso, encontrar\u00e1 todos os menus numa barra na parte superior do ecr\u00e3. \u00c9 um pouco menos apelativo do ponto de vista visual, mas acaba por ser quase mais f\u00e1cil de navegar.<\/p>\n<p><a href=\"\/\/amzn.to\/2C1ROZ3\" target=\"_blank\" rel=\"nofollow noopener noreferrer\"><img loading=\"lazy\" decoding=\"async\" class=\"aligncenter wp-image-1428\" src=\"\/\/monserveurnas.com\/wp-content\/uploads\/2019\/01\/Wd-my-cloud-pro-syst\u00e8me-dexploitation-1-300x208.jpg\" alt=\"Wd my cloud pro operating system 1\" width=\"600\" height=\"416\" srcset=\"https:\/\/monserveurnas.com\/wp-content\/uploads\/2019\/01\/Wd-my-cloud-pro-syst\u00e8me-dexploitation-1-300x208.jpg 300w, https:\/\/monserveurnas.com\/wp-content\/uploads\/2019\/01\/Wd-my-cloud-pro-syst\u00e8me-dexploitation-1-150x104.jpg 150w, https:\/\/monserveurnas.com\/wp-content\/uploads\/2019\/01\/Wd-my-cloud-pro-syst\u00e8me-dexploitation-1-450x311.jpg 450w, https:\/\/monserveurnas.com\/wp-content\/uploads\/2019\/01\/Wd-my-cloud-pro-syst\u00e8me-dexploitation-1-768x531.jpg 768w, https:\/\/monserveurnas.com\/wp-content\/uploads\/2019\/01\/Wd-my-cloud-pro-syst\u00e8me-dexploitation-1.jpg 850w\" sizes=\"(max-width: 600px) 100vw, 600px\" \/><\/a><\/p>\n<p>O painel de controlo e op\u00e7\u00f5es segue uma sequ\u00eancia l\u00f3gica e ser\u00e1 f\u00e1cil configurar os requisitos mais comuns, como o acesso de v\u00e1rios utilizadores, as c\u00f3pias de seguran\u00e7a via USB, remotas ou na nuvem, o <a href=\"https:\/\/monserveurnas.com\/pt\/incursao\/\" target=\"_blank\" rel=\"noopener noreferrer\">escolha do tipo de Raid<\/a> ou acesso a aplica\u00e7\u00f5es.<\/p>\n<p><a href=\"\/\/amzn.to\/2C1ROZ3\" target=\"_blank\" rel=\"nofollow noopener noreferrer\"><img loading=\"lazy\" decoding=\"async\" class=\"aligncenter wp-image-1431\" src=\"\/\/monserveurnas.com\/wp-content\/uploads\/2019\/01\/Wd-my-cloud-pro-syst\u00e8me-dexploitation-2-300x242.png\" alt=\"Wd my cloud pro operating system 2\" width=\"599\" height=\"483\" srcset=\"https:\/\/monserveurnas.com\/wp-content\/uploads\/2019\/01\/Wd-my-cloud-pro-syst\u00e8me-dexploitation-2-300x242.png 300w, https:\/\/monserveurnas.com\/wp-content\/uploads\/2019\/01\/Wd-my-cloud-pro-syst\u00e8me-dexploitation-2-150x121.png 150w, https:\/\/monserveurnas.com\/wp-content\/uploads\/2019\/01\/Wd-my-cloud-pro-syst\u00e8me-dexploitation-2.png 375w\" sizes=\"(max-width: 599px) 100vw, 599px\" \/><\/a><\/p>\n<p>A WD concentrou-se verdadeiramente no desenvolvimento da aplica\u00e7\u00e3o m\u00f3vel. Quase tudo o que pode ser feito no navegador Web tamb\u00e9m pode ser feito nas aplica\u00e7\u00f5es para Android ou iOS. N\u00e3o se esque\u00e7a, no entanto, que a velocidade de acesso e de transfer\u00eancia de dados est\u00e1 diretamente ligada \u00e0 velocidade da rede \u00e0 qual se liga. Para ter uma ideia, fizemos um teste ao transferir um v\u00eddeo de 1,5 GB por WiFi do My Cloud Pro para um PC e demor\u00e1mos 1 minuto e 20 segundos. Nada mau para um ficheiro deste tamanho.<\/p>\n<p><a href=\"\/\/amzn.to\/2SAgf6V\" target=\"_blank\" rel=\"nofollow noopener noreferrer\"><img loading=\"lazy\" decoding=\"async\" class=\"aligncenter wp-image-1429\" src=\"\/\/monserveurnas.com\/wp-content\/uploads\/2019\/01\/Acc\u00e8s-\u00e0-distance-wd-my-cloud-pro-300x151.jpg\" alt=\"Acesso remoto ao my cloud pro\" width=\"600\" height=\"302\" srcset=\"https:\/\/monserveurnas.com\/wp-content\/uploads\/2019\/01\/Acc\u00e8s-\u00e0-distance-wd-my-cloud-pro-300x151.jpg 300w, https:\/\/monserveurnas.com\/wp-content\/uploads\/2019\/01\/Acc\u00e8s-\u00e0-distance-wd-my-cloud-pro-1024x514.jpg 1024w, https:\/\/monserveurnas.com\/wp-content\/uploads\/2019\/01\/Acc\u00e8s-\u00e0-distance-wd-my-cloud-pro-150x75.jpg 150w, https:\/\/monserveurnas.com\/wp-content\/uploads\/2019\/01\/Acc\u00e8s-\u00e0-distance-wd-my-cloud-pro-450x226.jpg 450w, https:\/\/monserveurnas.com\/wp-content\/uploads\/2019\/01\/Acc\u00e8s-\u00e0-distance-wd-my-cloud-pro-1200x602.jpg 1200w, https:\/\/monserveurnas.com\/wp-content\/uploads\/2019\/01\/Acc\u00e8s-\u00e0-distance-wd-my-cloud-pro-768x386.jpg 768w, https:\/\/monserveurnas.com\/wp-content\/uploads\/2019\/01\/Acc\u00e8s-\u00e0-distance-wd-my-cloud-pro-474x240.jpg 474w, https:\/\/monserveurnas.com\/wp-content\/uploads\/2019\/01\/Acc\u00e8s-\u00e0-distance-wd-my-cloud-pro.jpg 1494w\" sizes=\"(max-width: 600px) 100vw, 600px\" \/><\/a><\/p>\n<p>No que diz respeito \u00e0s aplica\u00e7\u00f5es, a escolha \u00e9 mais limitada do que a da concorr\u00eancia, mas ainda assim encontrar\u00e1 o suficiente para fazer a maior parte do que um servidor NAS \u00e9 capaz de fazer. A WD n\u00e3o possui o seu pr\u00f3prio servidor multim\u00e9dia, mas pode tirar partido do excelente Plex. Para al\u00e9m disso, poder\u00e1 <a href=\"https:\/\/monserveurnas.com\/pt\/plex-nas\/\" target=\"_blank\" rel=\"noopener noreferrer\">transcodificar em direto com o Plex<\/a> at\u00e9 ao formato 4K sem subscrever o Plex Pass. A WD d\u00e1 ao Plex acesso ao seu hardware de transcodifica\u00e7\u00e3o, o que n\u00e3o acontece com outras marcas, como a Synology ou a Qnap. Como resultado, a transcodifica\u00e7\u00e3o utiliza menos energia do processador. Juntamente com um processador Pentium mais potente do que um chip Celeron, obt\u00e9m-se um servidor Nas capaz de transcodificar mais rapidamente, com um processador mais est\u00e1vel. Esse \u00e9 um grande ponto positivo para o WD My Cloud Pro PR4100 e PR2100. Conseguimos transmitir at\u00e9 4 v\u00eddeos ao mesmo tempo para diferentes dispositivos sem que o nosso PR2100 apresentasse qualquer abrandamento. O WD tamb\u00e9m pode transmitir conte\u00fado via DLNA e iTunes.<\/p>\n<p><a href=\"\/\/amzn.to\/2C1ROZ3\" target=\"_blank\" rel=\"nofollow noopener noreferrer\"><img loading=\"lazy\" decoding=\"async\" class=\"aligncenter wp-image-1430\" src=\"\/\/monserveurnas.com\/wp-content\/uploads\/2019\/01\/Plex-wd-my-cloud-pro-300x151.jpg\" alt=\"Plex e o meu cloud pro\" width=\"600\" height=\"302\" srcset=\"https:\/\/monserveurnas.com\/wp-content\/uploads\/2019\/01\/Plex-wd-my-cloud-pro-300x151.jpg 300w, https:\/\/monserveurnas.com\/wp-content\/uploads\/2019\/01\/Plex-wd-my-cloud-pro-1024x514.jpg 1024w, https:\/\/monserveurnas.com\/wp-content\/uploads\/2019\/01\/Plex-wd-my-cloud-pro-150x75.jpg 150w, https:\/\/monserveurnas.com\/wp-content\/uploads\/2019\/01\/Plex-wd-my-cloud-pro-450x226.jpg 450w, https:\/\/monserveurnas.com\/wp-content\/uploads\/2019\/01\/Plex-wd-my-cloud-pro-1200x602.jpg 1200w, https:\/\/monserveurnas.com\/wp-content\/uploads\/2019\/01\/Plex-wd-my-cloud-pro-768x386.jpg 768w, https:\/\/monserveurnas.com\/wp-content\/uploads\/2019\/01\/Plex-wd-my-cloud-pro-474x240.jpg 474w, https:\/\/monserveurnas.com\/wp-content\/uploads\/2019\/01\/Plex-wd-my-cloud-pro.jpg 1494w\" sizes=\"(max-width: 600px) 100vw, 600px\" \/><\/a><\/p>\n<p>Tamb\u00e9m ter\u00e1 acesso ao Dropbox, Acronis e Amazon S3 para a nuvem online, e ao WordPress para a cria\u00e7\u00e3o de s\u00edtios Web. Para a c\u00f3pia de seguran\u00e7a, a WD oferece o Sync e o Smartware Pro, sendo este \u00faltimo mais completo e avan\u00e7ado.<\/p>\n<h2><span class=\"ez-toc-section\" id=\"Conclusion\"><\/span>Conclus\u00e3o<span class=\"ez-toc-section-end\"><\/span><\/h2>\n<p>Com o WD My Cloud Pro PR2100 e o My Cloud Pro PR4100, voltamos \u00e0 raz\u00e3o de ser de um servidor Nas: backup de ficheiros e acesso remoto - por v\u00e1rios utilizadores, se necess\u00e1rio. Para estas tarefas, a sua utiliza\u00e7\u00e3o n\u00e3o poderia ser mais simples, e \u00e9 esse o grande ponto forte do My Cloud. Tudo o que possa ser feito a mais \u00e9 um b\u00f3nus.<\/p>\n<p>De facto, o que faz adicionalmente, e onde tamb\u00e9m tem um bom desempenho, \u00e9 transmitir conte\u00fado de v\u00eddeo e transcodific\u00e1-lo utilizando o Plex sem a necessidade de uma subscri\u00e7\u00e3o, tornando este Nas uma das melhores op\u00e7\u00f5es no mercado para o Plex. O PR2100 e o PR4100 t\u00eam uma excelente rela\u00e7\u00e3o qualidade\/pre\u00e7o, desde que a utiliza\u00e7\u00e3o que pretende dar ao seu Nas esteja bem definida.<\/p>\n<div class=\"csRow\">\n<div class=\"csColumnGap\" style=\"margin: 0px; padding: 0px; float: left; width: 1.56%;\"><\/div>\n<div class=\"csColumn\" style=\"margin: 0px; padding: 0px; float: left; width: 47.7%;\" data-csstartpoint=\"15\" data-csendpoint=\"472.5\" data-cswidth=\"47.7%\" data-csid=\"1ccfeb28-e81a-fa3c-b74c-029cbb4b45e3\">\n<h3 style=\"text-align: center;\"><span class=\"ez-toc-section\" id=\"Note_globale\"><\/span>Pontua\u00e7\u00e3o global<span class=\"ez-toc-section-end\"><\/span><\/h3>\n<p><img loading=\"lazy\" decoding=\"async\" class=\"aligncenter size-full wp-image-1339\" src=\"\/\/monserveurnas.com\/wp-content\/uploads\/2018\/11\/note-globale-45.jpg\" alt=\"\" width=\"152\" height=\"42\" srcset=\"https:\/\/monserveurnas.com\/wp-content\/uploads\/2018\/11\/note-globale-45.jpg 152w, https:\/\/monserveurnas.com\/wp-content\/uploads\/2018\/11\/note-globale-45-150x41.jpg 150w\" sizes=\"(max-width: 152px) 100vw, 152px\" \/><\/p>\n<p><img loading=\"lazy\" decoding=\"async\" class=\"aligncenter wp-image-1837 size-thumbnail\" src=\"\/\/monserveurnas.com\/wp-content\/uploads\/2019\/01\/Achat-pr2100-2-150x150.jpg\" alt=\"Comprar WD my cloud pro pr2100 (2)\" width=\"150\" height=\"150\" srcset=\"https:\/\/monserveurnas.com\/wp-content\/uploads\/2019\/01\/Achat-pr2100-2-150x150.jpg 150w, https:\/\/monserveurnas.com\/wp-content\/uploads\/2019\/01\/Achat-pr2100-2-65x65.jpg 65w, https:\/\/monserveurnas.com\/wp-content\/uploads\/2019\/01\/Achat-pr2100-2.jpg 250w\" sizes=\"(max-width: 150px) 100vw, 150px\" \/><\/p>\n<p><img loading=\"lazy\" decoding=\"async\" class=\"aligncenter wp-image-1838 size-thumbnail\" src=\"\/\/monserveurnas.com\/wp-content\/uploads\/2019\/01\/Achat-pr4100-150x150.jpg\" alt=\"Comprar wd my cloud pro pr4100\" width=\"150\" height=\"150\" srcset=\"https:\/\/monserveurnas.com\/wp-content\/uploads\/2019\/01\/Achat-pr4100-150x150.jpg 150w, https:\/\/monserveurnas.com\/wp-content\/uploads\/2019\/01\/Achat-pr4100-65x65.jpg 65w, https:\/\/monserveurnas.com\/wp-content\/uploads\/2019\/01\/Achat-pr4100.jpg 250w\" sizes=\"(max-width: 150px) 100vw, 150px\" \/><\/p>\n<\/div>\n\n<div class=\"egg-container cegg-list-withlogos\">\n    \n    <div class=\"egg-listcontainer my-custom-class\">\n\n                    \n<div class=\"cegg-list-logo-title cegg-mt5 cegg-mb15 visible-xs text-center\">\n    <a rel=\"nofollow\" target=\"_blank\"\n                                           href=\"\/\/www.awin1.com\/pclick.php?p=21767956779&a=576079&m=12665\">Servidor NAS WD My Cloud PR4100 0Tb Preto<\/a>\n<\/div>\n<div class=\"row-products\">\n    <div class=\"col-md-2 col-sm-2 col-xs-12 cegg-image-cell\">\n                    <a rel=\"nofollow\" target=\"_blank\" href=\"\/\/www.awin1.com\/pclick.php?p=21767956779&a=576079&m=12665\">\n                <img decoding=\"async\" src=\"\/\/static.fnac-static.com\/multimedia\/Images\/FR\/NR\/e8\/60\/7e\/8282344\/1505-1\/tsp20160810142628\/Serveur-NAS-WD-My-Cloud-PR4100-0-To-Noir.jpg\" alt=\"Servidor NAS WD My Cloud PR4100 0Tb Preto\" \/>            <\/a>\n            <\/div>\n    <div class=\"col-md-5 col-sm-5 col-xs-12 cegg-desc-cell hidden-xs\">\n        <div class=\"cegg-no-top-margin cegg-list-logo-title\">\n            <a rel=\"nofollow\" target=\"_blank\"\n                                                   href=\"\/\/www.awin1.com\/pclick.php?p=21767956779&a=576079&m=12665\">Servidor NAS WD My Cloud PR4100 0Tb Preto<\/a>\n        <\/div>\n\n    <\/div>\n    <div class=\"col-md-3 col-sm-3 col-xs-12 cegg-price-cell text-center\">\n        <div class=\"cegg-price-row\">\n\n                            <div class=\"cegg-price cegg-price-color cegg-price-outofstock\">469,99\u20ac<\/div>\n                                        <div class=\"text-muted\">\n                    <s>629,99\u20ac<\/s>\n                <\/div>\n                                        <div title=\"Last updated on 28 Abril 2026 3 h 10 min\"\n                     class=\"cegg-lineheight15 stock-status status-outofstock\">\n                         fora de stock                <\/div>\n            \n                                <\/div>\n    <\/div>\n    <div class=\"col-md-2 col-sm-2 col-xs-12 cegg-btn-cell\">\n        <div class=\"cegg-btn-row\">\n            <a rel=\"nofollow\" target=\"_blank\" href=\"\/\/www.awin1.com\/pclick.php?p=21767956779&a=576079&m=12665\"\n                                                   class=\"btn btn-danger btn-block\"><span>Comprar<\/span><\/a>\n        <\/div>\n                    <div class=\"text-center\">\n                <small class=\"text-muted title-case\">\n                    Fnac.com                                    <\/small>\n            <\/div>\n        \n\n    <\/div>\n<\/div>\n\n                    \n<div class=\"cegg-list-logo-title cegg-mt5 cegg-mb15 visible-xs text-center\">\n    <a rel=\"nofollow\" target=\"_blank\"\n                                           href=\"\/\/www.awin1.com\/pclick.php?p=22117090553&a=576079&m=12665\">Servidor NAS WD My Cloud PR2100 0Tb<\/a>\n<\/div>\n<div class=\"row-products\">\n    <div class=\"col-md-2 col-sm-2 col-xs-12 cegg-image-cell\">\n                    <a rel=\"nofollow\" target=\"_blank\" href=\"\/\/www.awin1.com\/pclick.php?p=22117090553&a=576079&m=12665\">\n                <img decoding=\"async\" src=\"\/\/static.fnac-static.com\/multimedia\/Images\/FR\/NR\/e3\/60\/7e\/8282339\/1505-1\/tsp20160805164744\/Serveur-NAS-WD-My-Cloud-PR2100-0-To.jpg\" alt=\"Servidor NAS WD My Cloud PR2100 0Tb\" \/>            <\/a>\n            <\/div>\n    <div class=\"col-md-5 col-sm-5 col-xs-12 cegg-desc-cell hidden-xs\">\n        <div class=\"cegg-no-top-margin cegg-list-logo-title\">\n            <a rel=\"nofollow\" target=\"_blank\"\n                                                   href=\"\/\/www.awin1.com\/pclick.php?p=22117090553&a=576079&m=12665\">Servidor NAS WD My Cloud PR2100 0Tb<\/a>\n        <\/div>\n\n    <\/div>\n    <div class=\"col-md-3 col-sm-3 col-xs-12 cegg-price-cell text-center\">\n        <div class=\"cegg-price-row\">\n\n                            <div class=\"cegg-price cegg-price-color cegg-price-outofstock\">1 322,00\u20ac<\/div>\n                                                    <div title=\"Last updated on 28 Abril 2026 3 h 10 min\"\n                     class=\"cegg-lineheight15 stock-status status-outofstock\">\n                         fora de stock                <\/div>\n            \n                                <\/div>\n    <\/div>\n    <div class=\"col-md-2 col-sm-2 col-xs-12 cegg-btn-cell\">\n        <div class=\"cegg-btn-row\">\n            <a rel=\"nofollow\" target=\"_blank\" href=\"\/\/www.awin1.com\/pclick.php?p=22117090553&a=576079&m=12665\"\n                                                   class=\"btn btn-danger btn-block\"><span>Comprar<\/span><\/a>\n        <\/div>\n                    <div class=\"text-center\">\n                <small class=\"text-muted title-case\">\n                    Fnac.com                                    <\/small>\n            <\/div>\n        \n\n    <\/div>\n<\/div>\n\n                    \n<div class=\"cegg-list-logo-title cegg-mt5 cegg-mb15 visible-xs text-center\">\n    <a rel=\"nofollow\" target=\"_blank\"\n                                           href=\"https:\/\/www.amazon.fr\/dp\/B01GRFF204?tag=monserveurnas-21&linkCode=ogi&th=1&psc=1\">Gabinete para NAS WD My Cloud PR2100 - 2 compartimentos - WDBBCL0000NBK-EESN<\/a>\n<\/div>\n<div class=\"row-products\">\n    <div class=\"col-md-2 col-sm-2 col-xs-12 cegg-image-cell\">\n                    <a rel=\"nofollow\" target=\"_blank\" href=\"https:\/\/www.amazon.fr\/dp\/B01GRFF204?tag=monserveurnas-21&linkCode=ogi&th=1&psc=1\">\n                <img decoding=\"async\" src=\"https:\/\/m.media-amazon.com\/images\/I\/41LwFjgG8IL._SL160_.jpg\" alt=\"Gabinete para NAS WD My Cloud PR2100 - 2 compartimentos - WDBBCL0000NBK-EESN\" width=\"100\" height=\"100\" \/>            <\/a>\n            <\/div>\n    <div class=\"col-md-5 col-sm-5 col-xs-12 cegg-desc-cell hidden-xs\">\n        <div class=\"cegg-no-top-margin cegg-list-logo-title\">\n            <a rel=\"nofollow\" target=\"_blank\"\n                                                   href=\"https:\/\/www.amazon.fr\/dp\/B01GRFF204?tag=monserveurnas-21&linkCode=ogi&th=1&psc=1\">Gabinete para NAS WD My Cloud PR2100 - 2 compartimentos - WDBBCL0000NBK-EESN<\/a>\n        <\/div>\n\n    <\/div>\n    <div class=\"col-md-3 col-sm-3 col-xs-12 cegg-price-cell text-center\">\n        <div class=\"cegg-price-row\">\n\n                                                    <div title=\"Last updated on 28 Abril 2026 8 h 37 min\"\n                     class=\"cegg-lineheight15 stock-status status-outofstock\">\n                         fora de stock                <\/div>\n            \n            \n                                \n\n                                        <div class=\"cegg-font60 cegg-lineheight15\">\n                    as of 28 Abril 2026 8 h 37 min                    <i class=\"egg-ico-info-circle cegg-disclaimer\" title=\"Como associado da Amazon, ganho com compras qualificadas. Os pre\u00e7os e a disponibilidade dos produtos s\u00e3o exactos a partir da data\/hora indicada e est\u00e3o sujeitos a altera\u00e7\u00f5es. Todas as informa\u00e7\u00f5es de pre\u00e7o e disponibilidade apresentadas na Amazon no momento da compra aplicar-se-\u00e3o \u00e0 compra deste produto.\"><\/i>                <\/div>\n                    <\/div>\n    <\/div>\n    <div class=\"col-md-2 col-sm-2 col-xs-12 cegg-btn-cell\">\n        <div class=\"cegg-btn-row\">\n            <a rel=\"nofollow\" target=\"_blank\" href=\"https:\/\/www.amazon.fr\/dp\/B01GRFF204?tag=monserveurnas-21&linkCode=ogi&th=1&psc=1\"\n                                                   class=\"btn btn-danger btn-block\"><span>Comprar<\/span><\/a>\n        <\/div>\n                    <div class=\"text-center\">\n                <small class=\"text-muted title-case\">\n                    Amazon.com.br                                    <\/small>\n            <\/div>\n        \n\n    <\/div>\n<\/div>\n\n                    \n<div class=\"cegg-list-logo-title cegg-mt5 cegg-mb15 visible-xs text-center\">\n    <a rel=\"nofollow\" target=\"_blank\"\n                                           href=\"https:\/\/www.amazon.fr\/dp\/B01GRFF1JQ?tag=monserveurnas-21&linkCode=ogi&th=1&psc=1\">Gabinete para NAS WD My Cloud Pro PR4100 - 4 compartimentos - WDBNFA0000NBK-EESN<\/a>\n<\/div>\n<div class=\"row-products\">\n    <div class=\"col-md-2 col-sm-2 col-xs-12 cegg-image-cell\">\n                    <a rel=\"nofollow\" target=\"_blank\" href=\"https:\/\/www.amazon.fr\/dp\/B01GRFF1JQ?tag=monserveurnas-21&linkCode=ogi&th=1&psc=1\">\n                <img decoding=\"async\" src=\"https:\/\/m.media-amazon.com\/images\/I\/51N3Di2pGBL._SL160_.jpg\" alt=\"Gabinete para NAS WD My Cloud Pro PR4100 - 4 compartimentos - WDBNFA0000NBK-EESN\" width=\"100\" height=\"100\" \/>            <\/a>\n            <\/div>\n    <div class=\"col-md-5 col-sm-5 col-xs-12 cegg-desc-cell hidden-xs\">\n        <div class=\"cegg-no-top-margin cegg-list-logo-title\">\n            <a rel=\"nofollow\" target=\"_blank\"\n                                                   href=\"https:\/\/www.amazon.fr\/dp\/B01GRFF1JQ?tag=monserveurnas-21&linkCode=ogi&th=1&psc=1\">Gabinete para NAS WD My Cloud Pro PR4100 - 4 compartimentos - WDBNFA0000NBK-EESN<\/a>\n        <\/div>\n\n    <\/div>\n    <div class=\"col-md-3 col-sm-3 col-xs-12 cegg-price-cell text-center\">\n        <div class=\"cegg-price-row\">\n\n                                                    <div title=\"Last updated on 28 Abril 2026 8 h 37 min\"\n                     class=\"cegg-lineheight15 stock-status status-outofstock\">\n                         fora de stock                <\/div>\n            \n            \n                                \n\n                                        <div class=\"cegg-font60 cegg-lineheight15\">\n                    as of 28 Abril 2026 8 h 37 min                    <i class=\"egg-ico-info-circle cegg-disclaimer\" title=\"Como associado da Amazon, ganho com compras qualificadas. Os pre\u00e7os e a disponibilidade dos produtos s\u00e3o exactos a partir da data\/hora indicada e est\u00e3o sujeitos a altera\u00e7\u00f5es. Todas as informa\u00e7\u00f5es de pre\u00e7o e disponibilidade apresentadas na Amazon no momento da compra aplicar-se-\u00e3o \u00e0 compra deste produto.\"><\/i>                <\/div>\n                    <\/div>\n    <\/div>\n    <div class=\"col-md-2 col-sm-2 col-xs-12 cegg-btn-cell\">\n        <div class=\"cegg-btn-row\">\n            <a rel=\"nofollow\" target=\"_blank\" href=\"https:\/\/www.amazon.fr\/dp\/B01GRFF1JQ?tag=monserveurnas-21&linkCode=ogi&th=1&psc=1\"\n                                                   class=\"btn btn-danger btn-block\"><span>Comprar<\/span><\/a>\n        <\/div>\n                    <div class=\"text-center\">\n                <small class=\"text-muted title-case\">\n                    Amazon.com.br                                    <\/small>\n            <\/div>\n        \n\n    <\/div>\n<\/div>\n\n        \n    <\/div>\n<\/div>\n<div class=\"csColumnGap\" style=\"margin: 0px; padding: 0px; float: left; width: 1.56%;\"><\/div>\n<\/div>\n<div class=\"csColumnGap\" style=\"margin: 0px; padding: 0px; float: left; width: 1.56%;\"><\/div>\n<div class=\"csColumn\" style=\"margin: 0px; padding: 0px; float: left; width: 47.7%;\" data-csstartpoint=\"487\" data-csendpoint=\"945\" data-cswidth=\"47.7%\" data-csid=\"ae5470d0-ee5c-90ff-a24f-8a4cf3fe7031\"><\/div>\n<div class=\"csColumnGap\" style=\"margin: 0px; padding: 0px; float: left; width: 1.56%;\"><\/div>\n<div style=\"clear: both; float: none; display: block; visibility: hidden; width: 0px; font-size: 0px; line-height: 0;\"><\/div>\n<div class=\"csRow\">\n<div class=\"csColumn\" style=\"margin: 0px; padding: 0px; float: left; width: 5.73%;\" data-csstartpoint=\"15\" data-csendpoint=\"70\" data-cswidth=\"5.73%\" data-csid=\"dbfa39c7-5031-dfd9-af47-abef5047bcfb\">\n<p style=\"text-align: center; background-color: #33cc33; padding: 8px 6px 8px 6px;\"><strong>+<\/strong><\/p>\n<\/div>\n<div class=\"csColumn\" style=\"margin: 0px; padding: 0px; float: left; width: 41.4%;\" data-csstartpoint=\"70\" data-csendpoint=\"467.5\" data-cswidth=\"41.4%\" data-csid=\"a66c30ce-59c2-7787-bce2-ab8be9435ae1\">\n<p style=\"background-color: #99e699; padding: 8px 6px 8px 6px;\"><strong>Gostamos de<\/strong><\/p>\n<p>Simples de utilizar<br \/>\nAcesso remoto ultra-eficiente<br \/>\nDesempenho do processador Pentium<br \/>\nTranscodificador com Plex sem subscri\u00e7\u00e3o<\/p>\n<\/div>\n<div class=\"csColumn\" style=\"margin: 0px; padding: 0px; float: left; width: 5.73%;\" data-csstartpoint=\"467.5\" data-csendpoint=\"522.5\" data-cswidth=\"5.73%\" data-csid=\"2111a529-198d-dbc3-b06a-106accdf0e80\">\n<p style=\"text-align: center; background-color: #ff4d4d; padding: 8px 6px 8px 6px;\"><strong>&#8211;<\/strong><\/p>\n<\/div>\n<div class=\"csColumn\" style=\"margin: 0px; padding: 0px; float: left; width: 44%;\" data-csstartpoint=\"522.5\" data-csendpoint=\"945\" data-cswidth=\"44.0%\" data-csid=\"8d7c29b1-9b73-2733-b3d6-e9e902576179\">\n<p style=\"background-color: #ff9999; padding: 8px 6px 8px 6px;\"><strong>Gostamos de menos<\/strong><\/p>\n<p>N\u00e3o h\u00e1 aplica\u00e7\u00f5es suficientes para alargar a funcionalidade<br \/>\nUm pouco caro<\/p>\n<\/div>\n<div class=\"csColumnGap\" style=\"margin: 0px; padding: 0px; float: left; width: 1.56%;\"><\/div>\n<div style=\"clear: both; float: none; display: block; visibility: hidden; width: 0px; font-size: 0px; line-height: 0;\"><\/div>\n<\/div>\n<p>&nbsp;<\/p>","protected":false},"excerpt":{"rendered":"<p>Teste do WD MY CLOUD PRO PR2100 e PR4100 Com o WD My Cloud PR2100 e PR4100 de 2 e 4 compartimentos, mantemo-nos fi\u00e9is ao credo caro \u00e0 s\u00e9rie My Cloud, nomeadamente a acessibilidade. Mas ser\u00e1 que esta vers\u00e3o topo de gama da s\u00e9rie \u00e9 adequada para algo mais do que simples armazenamento?<\/p>","protected":false},"author":1,"featured_media":1414,"comment_status":"open","ping_status":"open","sticky":false,"template":"","format":"standard","meta":{"footnotes":""},"categories":[9],"tags":[61],"class_list":{"0":"post-1411","1":"post","2":"type-post","3":"status-publish","4":"format-standard","5":"has-post-thumbnail","7":"category-wd","8":"tag-test"},"yoast_head":"<!-- This site is optimized with the Yoast SEO plugin v27.1.1 - https:\/\/yoast.com\/product\/yoast-seo-wordpress\/ -->\n<title>TEST du WD MY CLOUD PRO PR2100 et PR4100 : Le meilleur pour Plex<\/title>\n<meta name=\"description\" content=\"Avec le WD My Cloud PR2100 et PR4100, priorit\u00e9 \u00e0 l\u2019accessibilit\u00e9. Mais cette version haut de gamme est aussi parfaite pour la diffusion de vid\u00e9os.\" \/>\n<meta name=\"robots\" content=\"index, follow, max-snippet:-1, max-image-preview:large, max-video-preview:-1\" \/>\n<link rel=\"canonical\" href=\"https:\/\/monserveurnas.com\/pt\/test-wd-my-cloud-pro-pr2100-pr4100\/\" \/>\n<meta property=\"og:locale\" content=\"pt_PT\" \/>\n<meta property=\"og:type\" content=\"article\" \/>\n<meta property=\"og:title\" content=\"TEST du WD MY CLOUD PRO PR2100 et PR4100 : Le meilleur pour Plex\" \/>\n<meta property=\"og:description\" content=\"Avec le WD My Cloud PR2100 et PR4100, priorit\u00e9 \u00e0 l\u2019accessibilit\u00e9. Mais cette version haut de gamme est aussi parfaite pour la diffusion de vid\u00e9os.\" \/>\n<meta property=\"og:url\" content=\"https:\/\/monserveurnas.com\/pt\/test-wd-my-cloud-pro-pr2100-pr4100\/\" \/>\n<meta property=\"og:site_name\" content=\"Mon Serveur NAS\" \/>\n<meta property=\"article:published_time\" content=\"2019-01-05T19:07:09+00:00\" \/>\n<meta property=\"article:modified_time\" content=\"2023-04-11T18:04:32+00:00\" \/>\n<meta property=\"og:image\" content=\"https:\/\/monserveurnas.com\/wp-content\/uploads\/2019\/01\/Bani\u00e8re-WD-My-cloud-pro-pr2100-pr4100-1.jpg\" \/>\n\t<meta property=\"og:image:width\" content=\"702\" \/>\n\t<meta property=\"og:image:height\" content=\"306\" \/>\n\t<meta property=\"og:image:type\" content=\"image\/jpeg\" \/>\n<meta name=\"author\" content=\"MS NAS\" \/>\n<meta name=\"twitter:card\" content=\"summary_large_image\" \/>\n<meta name=\"twitter:label1\" content=\"Escrito por\" \/>\n\t<meta name=\"twitter:data1\" content=\"MS NAS\" \/>\n\t<meta name=\"twitter:label2\" content=\"Tempo estimado de leitura\" \/>\n\t<meta name=\"twitter:data2\" content=\"8 minutos\" \/>\n<script type=\"application\/ld+json\" class=\"yoast-schema-graph\">{\"@context\":\"https:\/\/schema.org\",\"@graph\":[{\"@type\":\"Article\",\"@id\":\"https:\/\/monserveurnas.com\/test-wd-my-cloud-pro-pr2100-pr4100\/#article\",\"isPartOf\":{\"@id\":\"https:\/\/monserveurnas.com\/test-wd-my-cloud-pro-pr2100-pr4100\/\"},\"author\":{\"name\":\"MS NAS\",\"@id\":\"https:\/\/monserveurnas.com\/#\/schema\/person\/c8126673c3f68722a06c7263580cab1b\"},\"headline\":\"TEST et AVIS du WD MY CLOUD PRO PR2100 et PR4100 : Le meilleur pour Plex\",\"datePublished\":\"2019-01-05T19:07:09+00:00\",\"dateModified\":\"2023-04-11T18:04:32+00:00\",\"mainEntityOfPage\":{\"@id\":\"https:\/\/monserveurnas.com\/test-wd-my-cloud-pro-pr2100-pr4100\/\"},\"wordCount\":1555,\"commentCount\":0,\"publisher\":{\"@id\":\"https:\/\/monserveurnas.com\/#organization\"},\"image\":{\"@id\":\"https:\/\/monserveurnas.com\/test-wd-my-cloud-pro-pr2100-pr4100\/#primaryimage\"},\"thumbnailUrl\":\"https:\/\/monserveurnas.com\/wp-content\/uploads\/2019\/01\/Bani\u00e8re-WD-My-cloud-pro-pr2100-pr4100-1.jpg\",\"keywords\":[\"Test\"],\"articleSection\":[\"WD\"],\"inLanguage\":\"pt-PT\",\"potentialAction\":[{\"@type\":\"CommentAction\",\"name\":\"Comment\",\"target\":[\"https:\/\/monserveurnas.com\/test-wd-my-cloud-pro-pr2100-pr4100\/#respond\"]}]},{\"@type\":\"WebPage\",\"@id\":\"https:\/\/monserveurnas.com\/test-wd-my-cloud-pro-pr2100-pr4100\/\",\"url\":\"https:\/\/monserveurnas.com\/test-wd-my-cloud-pro-pr2100-pr4100\/\",\"name\":\"TEST du WD MY CLOUD PRO PR2100 et PR4100 : Le meilleur pour Plex\",\"isPartOf\":{\"@id\":\"https:\/\/monserveurnas.com\/#website\"},\"primaryImageOfPage\":{\"@id\":\"https:\/\/monserveurnas.com\/test-wd-my-cloud-pro-pr2100-pr4100\/#primaryimage\"},\"image\":{\"@id\":\"https:\/\/monserveurnas.com\/test-wd-my-cloud-pro-pr2100-pr4100\/#primaryimage\"},\"thumbnailUrl\":\"https:\/\/monserveurnas.com\/wp-content\/uploads\/2019\/01\/Bani\u00e8re-WD-My-cloud-pro-pr2100-pr4100-1.jpg\",\"datePublished\":\"2019-01-05T19:07:09+00:00\",\"dateModified\":\"2023-04-11T18:04:32+00:00\",\"description\":\"Avec le WD My Cloud PR2100 et PR4100, priorit\u00e9 \u00e0 l\u2019accessibilit\u00e9. Mais cette version haut de gamme est aussi parfaite pour la diffusion de vid\u00e9os.\",\"breadcrumb\":{\"@id\":\"https:\/\/monserveurnas.com\/test-wd-my-cloud-pro-pr2100-pr4100\/#breadcrumb\"},\"inLanguage\":\"pt-PT\",\"potentialAction\":[{\"@type\":\"ReadAction\",\"target\":[\"https:\/\/monserveurnas.com\/test-wd-my-cloud-pro-pr2100-pr4100\/\"]}]},{\"@type\":\"ImageObject\",\"inLanguage\":\"pt-PT\",\"@id\":\"https:\/\/monserveurnas.com\/test-wd-my-cloud-pro-pr2100-pr4100\/#primaryimage\",\"url\":\"https:\/\/monserveurnas.com\/wp-content\/uploads\/2019\/01\/Bani\u00e8re-WD-My-cloud-pro-pr2100-pr4100-1.jpg\",\"contentUrl\":\"https:\/\/monserveurnas.com\/wp-content\/uploads\/2019\/01\/Bani\u00e8re-WD-My-cloud-pro-pr2100-pr4100-1.jpg\",\"width\":702,\"height\":306,\"caption\":\"Test WD My cloud pro pr2100 pr4100\"},{\"@type\":\"BreadcrumbList\",\"@id\":\"https:\/\/monserveurnas.com\/test-wd-my-cloud-pro-pr2100-pr4100\/#breadcrumb\",\"itemListElement\":[{\"@type\":\"ListItem\",\"position\":1,\"name\":\"Accueil\",\"item\":\"https:\/\/monserveurnas.com\/\"},{\"@type\":\"ListItem\",\"position\":2,\"name\":\"TEST et AVIS du WD MY CLOUD PRO PR2100 et PR4100 : Le meilleur pour Plex\"}]},{\"@type\":\"WebSite\",\"@id\":\"https:\/\/monserveurnas.com\/#website\",\"url\":\"https:\/\/monserveurnas.com\/\",\"name\":\"Mon Serveur NAS\",\"description\":\"Tout savoir sur les NAS\",\"publisher\":{\"@id\":\"https:\/\/monserveurnas.com\/#organization\"},\"potentialAction\":[{\"@type\":\"SearchAction\",\"target\":{\"@type\":\"EntryPoint\",\"urlTemplate\":\"https:\/\/monserveurnas.com\/?s={search_term_string}\"},\"query-input\":{\"@type\":\"PropertyValueSpecification\",\"valueRequired\":true,\"valueName\":\"search_term_string\"}}],\"inLanguage\":\"pt-PT\"},{\"@type\":\"Organization\",\"@id\":\"https:\/\/monserveurnas.com\/#organization\",\"name\":\"Mon Serveur NAS\",\"url\":\"https:\/\/monserveurnas.com\/\",\"logo\":{\"@type\":\"ImageObject\",\"inLanguage\":\"pt-PT\",\"@id\":\"https:\/\/monserveurnas.com\/#\/schema\/logo\/image\/\",\"url\":\"https:\/\/monserveurnas.com\/wp-content\/uploads\/2023\/04\/Logo-noir-2023-e1681288402748.png\",\"contentUrl\":\"https:\/\/monserveurnas.com\/wp-content\/uploads\/2023\/04\/Logo-noir-2023-e1681288402748.png\",\"width\":300,\"height\":118,\"caption\":\"Mon Serveur NAS\"},\"image\":{\"@id\":\"https:\/\/monserveurnas.com\/#\/schema\/logo\/image\/\"}},{\"@type\":\"Person\",\"@id\":\"https:\/\/monserveurnas.com\/#\/schema\/person\/c8126673c3f68722a06c7263580cab1b\",\"name\":\"MS NAS\",\"image\":{\"@type\":\"ImageObject\",\"inLanguage\":\"pt-PT\",\"@id\":\"https:\/\/monserveurnas.com\/#\/schema\/person\/image\/\",\"url\":\"https:\/\/secure.gravatar.com\/avatar\/b0a34d7f31be35b5a26a868af49d55f33181c162b5d455df25ab53d45149f8ee?s=96&d=mm&r=g\",\"contentUrl\":\"https:\/\/secure.gravatar.com\/avatar\/b0a34d7f31be35b5a26a868af49d55f33181c162b5d455df25ab53d45149f8ee?s=96&d=mm&r=g\",\"caption\":\"MS NAS\"}}]}<\/script>\n<!-- \/ Yoast SEO plugin. -->","yoast_head_json":{"title":"TESTE do WD MY CLOUD PRO PR2100 e PR4100: O melhor para Plex","description":"Com o WD My Cloud PR2100 e PR4100, o foco est\u00e1 na acessibilidade. Mas esta vers\u00e3o topo de gama tamb\u00e9m \u00e9 perfeita para a transmiss\u00e3o de v\u00eddeos.","robots":{"index":"index","follow":"follow","max-snippet":"max-snippet:-1","max-image-preview":"max-image-preview:large","max-video-preview":"max-video-preview:-1"},"canonical":"https:\/\/monserveurnas.com\/pt\/test-wd-my-cloud-pro-pr2100-pr4100\/","og_locale":"pt_PT","og_type":"article","og_title":"TEST du WD MY CLOUD PRO PR2100 et PR4100 : Le meilleur pour Plex","og_description":"Avec le WD My Cloud PR2100 et PR4100, priorit\u00e9 \u00e0 l\u2019accessibilit\u00e9. Mais cette version haut de gamme est aussi parfaite pour la diffusion de vid\u00e9os.","og_url":"https:\/\/monserveurnas.com\/pt\/test-wd-my-cloud-pro-pr2100-pr4100\/","og_site_name":"Mon Serveur NAS","article_published_time":"2019-01-05T19:07:09+00:00","article_modified_time":"2023-04-11T18:04:32+00:00","og_image":[{"width":702,"height":306,"url":"https:\/\/monserveurnas.com\/wp-content\/uploads\/2019\/01\/Bani\u00e8re-WD-My-cloud-pro-pr2100-pr4100-1.jpg","type":"image\/jpeg"}],"author":"MS NAS","twitter_card":"summary_large_image","twitter_misc":{"Escrito por":"MS NAS","Tempo estimado de leitura":"8 minutos"},"schema":{"@context":"https:\/\/schema.org","@graph":[{"@type":"Article","@id":"https:\/\/monserveurnas.com\/test-wd-my-cloud-pro-pr2100-pr4100\/#article","isPartOf":{"@id":"https:\/\/monserveurnas.com\/test-wd-my-cloud-pro-pr2100-pr4100\/"},"author":{"name":"MS NAS","@id":"https:\/\/monserveurnas.com\/#\/schema\/person\/c8126673c3f68722a06c7263580cab1b"},"headline":"TEST et AVIS du WD MY CLOUD PRO PR2100 et PR4100 : Le meilleur pour Plex","datePublished":"2019-01-05T19:07:09+00:00","dateModified":"2023-04-11T18:04:32+00:00","mainEntityOfPage":{"@id":"https:\/\/monserveurnas.com\/test-wd-my-cloud-pro-pr2100-pr4100\/"},"wordCount":1555,"commentCount":0,"publisher":{"@id":"https:\/\/monserveurnas.com\/#organization"},"image":{"@id":"https:\/\/monserveurnas.com\/test-wd-my-cloud-pro-pr2100-pr4100\/#primaryimage"},"thumbnailUrl":"https:\/\/monserveurnas.com\/wp-content\/uploads\/2019\/01\/Bani\u00e8re-WD-My-cloud-pro-pr2100-pr4100-1.jpg","keywords":["Test"],"articleSection":["WD"],"inLanguage":"pt-PT","potentialAction":[{"@type":"CommentAction","name":"Comment","target":["https:\/\/monserveurnas.com\/test-wd-my-cloud-pro-pr2100-pr4100\/#respond"]}]},{"@type":"WebPage","@id":"https:\/\/monserveurnas.com\/test-wd-my-cloud-pro-pr2100-pr4100\/","url":"https:\/\/monserveurnas.com\/test-wd-my-cloud-pro-pr2100-pr4100\/","name":"TESTE do WD MY CLOUD PRO PR2100 e PR4100: O melhor para Plex","isPartOf":{"@id":"https:\/\/monserveurnas.com\/#website"},"primaryImageOfPage":{"@id":"https:\/\/monserveurnas.com\/test-wd-my-cloud-pro-pr2100-pr4100\/#primaryimage"},"image":{"@id":"https:\/\/monserveurnas.com\/test-wd-my-cloud-pro-pr2100-pr4100\/#primaryimage"},"thumbnailUrl":"https:\/\/monserveurnas.com\/wp-content\/uploads\/2019\/01\/Bani\u00e8re-WD-My-cloud-pro-pr2100-pr4100-1.jpg","datePublished":"2019-01-05T19:07:09+00:00","dateModified":"2023-04-11T18:04:32+00:00","description":"Com o WD My Cloud PR2100 e PR4100, o foco est\u00e1 na acessibilidade. Mas esta vers\u00e3o topo de gama tamb\u00e9m \u00e9 perfeita para a transmiss\u00e3o de v\u00eddeos.","breadcrumb":{"@id":"https:\/\/monserveurnas.com\/test-wd-my-cloud-pro-pr2100-pr4100\/#breadcrumb"},"inLanguage":"pt-PT","potentialAction":[{"@type":"ReadAction","target":["https:\/\/monserveurnas.com\/test-wd-my-cloud-pro-pr2100-pr4100\/"]}]},{"@type":"ImageObject","inLanguage":"pt-PT","@id":"https:\/\/monserveurnas.com\/test-wd-my-cloud-pro-pr2100-pr4100\/#primaryimage","url":"https:\/\/monserveurnas.com\/wp-content\/uploads\/2019\/01\/Bani\u00e8re-WD-My-cloud-pro-pr2100-pr4100-1.jpg","contentUrl":"https:\/\/monserveurnas.com\/wp-content\/uploads\/2019\/01\/Bani\u00e8re-WD-My-cloud-pro-pr2100-pr4100-1.jpg","width":702,"height":306,"caption":"Test WD My cloud pro pr2100 pr4100"},{"@type":"BreadcrumbList","@id":"https:\/\/monserveurnas.com\/test-wd-my-cloud-pro-pr2100-pr4100\/#breadcrumb","itemListElement":[{"@type":"ListItem","position":1,"name":"Accueil","item":"https:\/\/monserveurnas.com\/"},{"@type":"ListItem","position":2,"name":"TEST et AVIS du WD MY CLOUD PRO PR2100 et PR4100 : Le meilleur pour Plex"}]},{"@type":"WebSite","@id":"https:\/\/monserveurnas.com\/#website","url":"https:\/\/monserveurnas.com\/","name":"O meu servidor NAS","description":"Tudo sobre NAS","publisher":{"@id":"https:\/\/monserveurnas.com\/#organization"},"potentialAction":[{"@type":"SearchAction","target":{"@type":"EntryPoint","urlTemplate":"https:\/\/monserveurnas.com\/?s={search_term_string}"},"query-input":{"@type":"PropertyValueSpecification","valueRequired":true,"valueName":"search_term_string"}}],"inLanguage":"pt-PT"},{"@type":"Organization","@id":"https:\/\/monserveurnas.com\/#organization","name":"O meu servidor NAS","url":"https:\/\/monserveurnas.com\/","logo":{"@type":"ImageObject","inLanguage":"pt-PT","@id":"https:\/\/monserveurnas.com\/#\/schema\/logo\/image\/","url":"https:\/\/monserveurnas.com\/wp-content\/uploads\/2023\/04\/Logo-noir-2023-e1681288402748.png","contentUrl":"https:\/\/monserveurnas.com\/wp-content\/uploads\/2023\/04\/Logo-noir-2023-e1681288402748.png","width":300,"height":118,"caption":"Mon Serveur NAS"},"image":{"@id":"https:\/\/monserveurnas.com\/#\/schema\/logo\/image\/"}},{"@type":"Person","@id":"https:\/\/monserveurnas.com\/#\/schema\/person\/c8126673c3f68722a06c7263580cab1b","name":"MS NAS","image":{"@type":"ImageObject","inLanguage":"pt-PT","@id":"https:\/\/monserveurnas.com\/#\/schema\/person\/image\/","url":"https:\/\/secure.gravatar.com\/avatar\/b0a34d7f31be35b5a26a868af49d55f33181c162b5d455df25ab53d45149f8ee?s=96&d=mm&r=g","contentUrl":"https:\/\/secure.gravatar.com\/avatar\/b0a34d7f31be35b5a26a868af49d55f33181c162b5d455df25ab53d45149f8ee?s=96&d=mm&r=g","caption":"MS NAS"}}]}},"_links":{"self":[{"href":"https:\/\/monserveurnas.com\/pt\/wp-json\/wp\/v2\/posts\/1411","targetHints":{"allow":["GET"]}}],"collection":[{"href":"https:\/\/monserveurnas.com\/pt\/wp-json\/wp\/v2\/posts"}],"about":[{"href":"https:\/\/monserveurnas.com\/pt\/wp-json\/wp\/v2\/types\/post"}],"author":[{"embeddable":true,"href":"https:\/\/monserveurnas.com\/pt\/wp-json\/wp\/v2\/users\/1"}],"replies":[{"embeddable":true,"href":"https:\/\/monserveurnas.com\/pt\/wp-json\/wp\/v2\/comments?post=1411"}],"version-history":[{"count":12,"href":"https:\/\/monserveurnas.com\/pt\/wp-json\/wp\/v2\/posts\/1411\/revisions"}],"predecessor-version":[{"id":5255,"href":"https:\/\/monserveurnas.com\/pt\/wp-json\/wp\/v2\/posts\/1411\/revisions\/5255"}],"wp:featuredmedia":[{"embeddable":true,"href":"https:\/\/monserveurnas.com\/pt\/wp-json\/wp\/v2\/media\/1414"}],"wp:attachment":[{"href":"https:\/\/monserveurnas.com\/pt\/wp-json\/wp\/v2\/media?parent=1411"}],"wp:term":[{"taxonomy":"category","embeddable":true,"href":"https:\/\/monserveurnas.com\/pt\/wp-json\/wp\/v2\/categories?post=1411"},{"taxonomy":"post_tag","embeddable":true,"href":"https:\/\/monserveurnas.com\/pt\/wp-json\/wp\/v2\/tags?post=1411"}],"curies":[{"name":"wp","href":"https:\/\/api.w.org\/{rel}","templated":true}]}}